[{"@context":"https:\/\/schema.org\/","@type":"Article","@id":"https:\/\/www.itpce.cz\/prilis-temna-mistnost-neni-to-prave\/#Article","mainEntityOfPage":"https:\/\/www.itpce.cz\/prilis-temna-mistnost-neni-to-prave\/","headline":"P\u0159\u00edli\u0161 temn\u00e1 m\u00edstnost nen\u00ed to prav\u00e9","name":"P\u0159\u00edli\u0161 temn\u00e1 m\u00edstnost nen\u00ed to prav\u00e9","description":"Zn\u00e1me takov\u00fdch byt\u016f spoustu. Nev\u00edme, jestli byly vybudov\u00e1ny v \u00e9\u0159e temna, kdy se nesv\u00edtilo nebo jim socialismus ukradl kabely spolu s odchodem sov\u011btsk\u00fdch vojsk. Ale ka\u017edop\u00e1dn\u011b existuj\u00ed dom\u00e1cnosti, kter\u00e9 prost\u011b nesv\u00edt\u00ed. A to je \u0161patn\u011b. Pokud je\u0161t\u011b nem\u00e1te ud\u011bl\u00e1nu po\u0159\u00e1dnou \u201esv\u011btelnou infrastrukturu\u201c, tak byste ji m\u011bli co nejd\u0159\u00edve za\u0159adit mezi jedny z va\u0161ich priorit. Kdo [&hellip;]","datePublished":"2018-09-20","dateModified":"2023-05-26","author":{"@type":"Person","@id":"https:\/\/www.itpce.cz\/author\/devene\/#Person","name":"devene","url":"https:\/\/www.itpce.cz\/author\/devene\/","identifier":1,"image":{"@type":"ImageObject","@id":"https:\/\/secure.gravatar.com\/avatar\/dcb1aeb5e7d95014cdc92e76cf3c72f6b456579bf773ad0081803a6569ffc19c?s=96&d=mm&r=g","url":"https:\/\/secure.gravatar.com\/avatar\/dcb1aeb5e7d95014cdc92e76cf3c72f6b456579bf773ad0081803a6569ffc19c?s=96&d=mm&r=g","height":96,"width":96}},"publisher":{"@type":"Organization","name":"itpce.cz","logo":{"@type":"ImageObject","@id":"\/logo.png","url":"\/logo.png","width":600,"height":60}},"image":{"@type":"ImageObject","@id":"https:\/\/www.itpce.cz\/wp-content\/uploads\/img_a324564_w2621_t1536437291.jpg","url":"https:\/\/www.itpce.cz\/wp-content\/uploads\/img_a324564_w2621_t1536437291.jpg","height":0,"width":0},"url":"https:\/\/www.itpce.cz\/prilis-temna-mistnost-neni-to-prave\/","wordCount":421,"articleBody":"Zn\u00e1me takov\u00fdch byt\u016f spoustu. Nev\u00edme, jestli byly vybudov\u00e1ny v \u00e9\u0159e temna, kdy se nesv\u00edtilo nebo jim socialismus ukradl kabely spolu s odchodem sov\u011btsk\u00fdch vojsk. Ale ka\u017edop\u00e1dn\u011b existuj\u00ed dom\u00e1cnosti, kter\u00e9 prost\u011b nesv\u00edt\u00ed. A to je \u0161patn\u011b. Pokud je\u0161t\u011b nem\u00e1te ud\u011bl\u00e1nu po\u0159\u00e1dnou \u201esv\u011btelnou infrastrukturu\u201c, tak byste ji m\u011bli co nejd\u0159\u00edve za\u0159adit mezi jedny z va\u0161ich priorit. Kdo by to byl \u0159ekl, \u017ee ano? Jsme ve dvac\u00e1t\u00e9m prvn\u00edm stolet\u00ed a st\u00e1le si nedok\u00e1\u017eeme s n\u011b\u010d\u00edm takov\u00fdm poradit. Spousta lid\u00ed ani nepokl\u00e1d\u00e1 dostate\u010dn\u00e9 osv\u011btlen\u00ed m\u00edstnosti jako p\u0159\u00edli\u0161 d\u016fle\u017eit\u00e9.  A) N\u011bkte\u0159\u00ed lid\u00e9 prost\u011b nesv\u00edt\u00ed A\u0165 u\u017e je to t\u00edm, \u017ee v\u011bt\u0161inu \u010dasu str\u00e1v\u00ed v pr\u00e1ci nebo jinde, nebo t\u00edm, \u017ee cht\u011bj\u00ed \u201e\u0161et\u0159it\u201c, v\u017edycky se najdou takov\u00ed, kte\u0159\u00ed by nejrad\u011bji m\u011bli doma tmu. Je to zvl\u00e1\u0161tn\u00ed, ale takov\u00fdm sta\u010d\u00ed rozsv\u00edtit na chodb\u011b a klidn\u011b si vysta\u010d\u00ed v cel\u00e9m byt\u011b. N\u011bkdy toho ani nen\u00ed t\u0159eba \u2013 lid\u00e9 prost\u011b jdou sp\u00e1t d\u0159\u00edv, nepracuj\u00ed ani nemaj\u00ed \u017e\u00e1dn\u00e9 extra dom\u00e1c\u00ed aktivity. B) Nemaj\u00ed to za\u0159\u00edzeno Tihle sv\u00edt\u00ed, ale zase je v\u0161echno \u0161patn\u011b. Nen\u00ed to jenom t\u00edm, \u017ee maj\u00ed jedno sv\u011btlo na cel\u00fd ob\u00fdv\u00e1k, ale je\u0161t\u011b k tomu v\u0161emu je to nekvalitn\u00ed \u017e\u00e1rovka, kter\u00e1 \u017eere spoustu energie. Nen\u00ed se za co styd\u011bt, n\u011bkdy je prost\u011b nejd\u0159\u00edve dod\u011blat jin\u00e9 v\u011bci. Ale pokud chcete doma pracovat nebo si jenom posed\u011bt u sklenky v\u00edna, m\u016f\u017ee se nedostate\u010dn\u00e9 osv\u011btlen\u00ed uk\u00e1zat jako jeden velk\u00fd probl\u00e9m.  \u010cl\u00e1nek  doslova oza\u0159uje sv\u00e9 \u010dten\u00e1\u0159e nov\u00fdmi poznatky, kter\u00e9 se jist\u011b budou hodit ka\u017ed\u00e9mu, kdo by se cht\u011bl dozv\u011bd\u011bt n\u011bco v\u00edce. Co je v\u0161ak ohromn\u011b d\u016fle\u017eit\u00e9, tak je to, \u017ee si takto kaz\u00ed lid\u00e9 o\u010di. Nebo je sp\u00ed\u0161e rychleji unavuj\u00ed. Pokud se nerozhodnete sp\u00e1t, tak ve tm\u011b nap\u00ednat o\u010di a neust\u00e1le zam\u011b\u0159ovat na objekty, nato\u017e pak na p\u00edsmo, se m\u016f\u017ee uk\u00e1zat jako neskute\u010dn\u00e1 z\u00e1t\u011b\u017e pro o\u010di. M\u016f\u017ee to tak\u00e9 ve v\u00fdsledku zp\u016fsobit zhor\u0161en\u00ed zraku \u2013 p\u0159esn\u011b proto se v\u017edycky na\u0161i rodi\u010de zlobili, kdy\u017e jsme se sna\u017eili \u010d\u00edst ve tm\u011b.                                                                                                                                                                                                                                                                                                                                                                                        4.5\/5 - (11 votes)        "},{"@context":"https:\/\/schema.org\/","@type":"BreadcrumbList","itemListElement":[{"@type":"ListItem","position":1,"name":"P\u0159\u00edli\u0161 temn\u00e1 m\u00edstnost nen\u00ed to prav\u00e9","item":"https:\/\/www.itpce.cz\/prilis-temna-mistnost-neni-to-prave\/#breadcrumbitem"}]}]