{"@context":"https:\/\/schema.org\/","@type":"CollectionPage","@id":"https:\/\/www.itpce.cz\/penize\/#CollectionPage","headline":"Pen\u00edze Category","description":"","url":"https:\/\/www.itpce.cz\/penize\/","hasPart":[{"@type":"Article","@id":"https:\/\/www.itpce.cz\/nebojte-se-vubec-hypoteky\/","headline":"Nebojte se v\u016fbec hypot\u00e9ky","url":"https:\/\/www.itpce.cz\/nebojte-se-vubec-hypoteky\/","datePublished":"2025-11-15","dateModified":"2025-11-15","mainEntityOfPage":"https:\/\/www.itpce.cz\/nebojte-se-vubec-hypoteky\/","author":{"@type":"Person","@id":"https:\/\/www.itpce.cz\/author\/devene\/#Person","name":"devene","url":"https:\/\/www.itpce.cz\/author\/devene\/","identifier":1,"image":{"@type":"ImageObject","@id":"https:\/\/secure.gravatar.com\/avatar\/dcb1aeb5e7d95014cdc92e76cf3c72f6b456579bf773ad0081803a6569ffc19c?s=96&d=mm&r=g","url":"https:\/\/secure.gravatar.com\/avatar\/dcb1aeb5e7d95014cdc92e76cf3c72f6b456579bf773ad0081803a6569ffc19c?s=96&d=mm&r=g","height":96,"width":96}},"publisher":{"@type":"Organization","name":"itpce.cz","logo":{"@type":"ImageObject","@id":"\/logo.png","url":"\/logo.png","width":600,"height":60}},"image":{"@type":"ImageObject","@id":"https:\/\/www.itpce.cz\/wp-content\/uploads\/house-5148865_640_4.jpg","url":"https:\/\/www.itpce.cz\/wp-content\/uploads\/house-5148865_640_4.jpg","height":0,"width":0},"keywords":null},{"@type":"Article","@id":"https:\/\/www.itpce.cz\/bydleni-jen-ve-svem\/","headline":"Bydlen\u00ed jen ve sv\u00e9m","url":"https:\/\/www.itpce.cz\/bydleni-jen-ve-svem\/","datePublished":"2024-04-20","dateModified":"2024-05-21","mainEntityOfPage":"https:\/\/www.itpce.cz\/bydleni-jen-ve-svem\/","author":{"@type":"Person","@id":"https:\/\/www.itpce.cz\/author\/devene\/#Person","name":"devene","url":"https:\/\/www.itpce.cz\/author\/devene\/","identifier":1,"image":{"@type":"ImageObject","@id":"https:\/\/secure.gravatar.com\/avatar\/dcb1aeb5e7d95014cdc92e76cf3c72f6b456579bf773ad0081803a6569ffc19c?s=96&d=mm&r=g","url":"https:\/\/secure.gravatar.com\/avatar\/dcb1aeb5e7d95014cdc92e76cf3c72f6b456579bf773ad0081803a6569ffc19c?s=96&d=mm&r=g","height":96,"width":96}},"publisher":{"@type":"Organization","name":"itpce.cz","logo":{"@type":"ImageObject","@id":"\/logo.png","url":"\/logo.png","width":600,"height":60}},"image":{"@type":"ImageObject","@id":"https:\/\/www.itpce.cz\/wp-content\/uploads\/house-5328786_640_1.png","url":"https:\/\/www.itpce.cz\/wp-content\/uploads\/house-5328786_640_1.png","height":0,"width":0},"keywords":null},{"@type":"Article","@id":"https:\/\/www.itpce.cz\/u-koho-si-vzit-pujcku\/","headline":"U koho si vz\u00edt p\u016fj\u010dku?","url":"https:\/\/www.itpce.cz\/u-koho-si-vzit-pujcku\/","datePublished":"2022-10-24","dateModified":"2022-10-24","mainEntityOfPage":"https:\/\/www.itpce.cz\/u-koho-si-vzit-pujcku\/","author":{"@type":"Person","@id":"https:\/\/www.itpce.cz\/author\/devene\/#Person","name":"devene","url":"https:\/\/www.itpce.cz\/author\/devene\/","identifier":1,"image":{"@type":"ImageObject","@id":"https:\/\/secure.gravatar.com\/avatar\/dcb1aeb5e7d95014cdc92e76cf3c72f6b456579bf773ad0081803a6569ffc19c?s=96&d=mm&r=g","url":"https:\/\/secure.gravatar.com\/avatar\/dcb1aeb5e7d95014cdc92e76cf3c72f6b456579bf773ad0081803a6569ffc19c?s=96&d=mm&r=g","height":96,"width":96}},"publisher":{"@type":"Organization","name":"itpce.cz","logo":{"@type":"ImageObject","@id":"\/logo.png","url":"\/logo.png","width":600,"height":60}},"image":{"@type":"ImageObject","@id":"https:\/\/www.itpce.cz\/wp-content\/uploads\/platebn%C3%AD%20karta_10_10_3.jpg","url":"https:\/\/www.itpce.cz\/wp-content\/uploads\/platebn%C3%AD%20karta_10_10_3.jpg","height":0,"width":0},"keywords":null},{"@type":"Article","@id":"https:\/\/www.itpce.cz\/penez-musi-byt-dostatek\/","headline":"Pen\u011bz mus\u00ed b\u00fdt dostatek","url":"https:\/\/www.itpce.cz\/penez-musi-byt-dostatek\/","datePublished":"2022-07-08","dateModified":"2023-05-26","mainEntityOfPage":"https:\/\/www.itpce.cz\/penez-musi-byt-dostatek\/","author":{"@type":"Person","@id":"https:\/\/www.itpce.cz\/author\/devene\/#Person","name":"devene","url":"https:\/\/www.itpce.cz\/author\/devene\/","identifier":1,"image":{"@type":"ImageObject","@id":"https:\/\/secure.gravatar.com\/avatar\/dcb1aeb5e7d95014cdc92e76cf3c72f6b456579bf773ad0081803a6569ffc19c?s=96&d=mm&r=g","url":"https:\/\/secure.gravatar.com\/avatar\/dcb1aeb5e7d95014cdc92e76cf3c72f6b456579bf773ad0081803a6569ffc19c?s=96&d=mm&r=g","height":96,"width":96}},"publisher":{"@type":"Organization","name":"itpce.cz","logo":{"@type":"ImageObject","@id":"\/logo.png","url":"\/logo.png","width":600,"height":60}},"image":{"@type":"ImageObject","@id":"https:\/\/www.itpce.cz\/wp-content\/uploads\/filip%C3%ADnsk%C3%A9%20peso.jpg","url":"https:\/\/www.itpce.cz\/wp-content\/uploads\/filip%C3%ADnsk%C3%A9%20peso.jpg","height":0,"width":0},"keywords":null},{"@type":"Article","@id":"https:\/\/www.itpce.cz\/je-cas-vzit-si-pujcku\/","headline":"Je \u010das vz\u00edt si p\u016fj\u010dku","url":"https:\/\/www.itpce.cz\/je-cas-vzit-si-pujcku\/","datePublished":"2022-01-28","dateModified":"2023-05-26","mainEntityOfPage":"https:\/\/www.itpce.cz\/je-cas-vzit-si-pujcku\/","author":{"@type":"Person","@id":"https:\/\/www.itpce.cz\/author\/devene\/#Person","name":"devene","url":"https:\/\/www.itpce.cz\/author\/devene\/","identifier":1,"image":{"@type":"ImageObject","@id":"https:\/\/secure.gravatar.com\/avatar\/dcb1aeb5e7d95014cdc92e76cf3c72f6b456579bf773ad0081803a6569ffc19c?s=96&d=mm&r=g","url":"https:\/\/secure.gravatar.com\/avatar\/dcb1aeb5e7d95014cdc92e76cf3c72f6b456579bf773ad0081803a6569ffc19c?s=96&d=mm&r=g","height":96,"width":96}},"publisher":{"@type":"Organization","name":"itpce.cz","logo":{"@type":"ImageObject","@id":"\/logo.png","url":"\/logo.png","width":600,"height":60}},"image":{"@type":"ImageObject","@id":"https:\/\/www.itpce.cz\/wp-content\/uploads\/n%C4%9Bmeck%C3%A9%20mince_10_1.jpg","url":"https:\/\/www.itpce.cz\/wp-content\/uploads\/n%C4%9Bmeck%C3%A9%20mince_10_1.jpg","height":0,"width":0},"keywords":null},{"@type":"Article","@id":"https:\/\/www.itpce.cz\/vetsina-cechu-se-snazi-vse-zvladat\/","headline":"V\u011bt\u0161ina \u010cech\u016f se sna\u017e\u00ed v\u0161e zvl\u00e1dat","url":"https:\/\/www.itpce.cz\/vetsina-cechu-se-snazi-vse-zvladat\/","datePublished":"2021-11-11","dateModified":"2023-05-26","mainEntityOfPage":"https:\/\/www.itpce.cz\/vetsina-cechu-se-snazi-vse-zvladat\/","author":{"@type":"Person","@id":"https:\/\/www.itpce.cz\/author\/devene\/#Person","name":"devene","url":"https:\/\/www.itpce.cz\/author\/devene\/","identifier":1,"image":{"@type":"ImageObject","@id":"https:\/\/secure.gravatar.com\/avatar\/dcb1aeb5e7d95014cdc92e76cf3c72f6b456579bf773ad0081803a6569ffc19c?s=96&d=mm&r=g","url":"https:\/\/secure.gravatar.com\/avatar\/dcb1aeb5e7d95014cdc92e76cf3c72f6b456579bf773ad0081803a6569ffc19c?s=96&d=mm&r=g","height":96,"width":96}},"publisher":{"@type":"Organization","name":"itpce.cz","logo":{"@type":"ImageObject","@id":"\/logo.png","url":"\/logo.png","width":600,"height":60}},"image":{"@type":"ImageObject","@id":"https:\/\/www.itpce.cz\/wp-content\/uploads\/pen%C3%ADze%20a%20%C5%A1uplera.PNG","url":"https:\/\/www.itpce.cz\/wp-content\/uploads\/pen%C3%ADze%20a%20%C5%A1uplera.PNG","height":0,"width":0},"keywords":null},{"@type":"Article","@id":"https:\/\/www.itpce.cz\/pujcit-si-muze-kazdy\/","headline":"P\u016fj\u010dit si m\u016f\u017ee ka\u017ed\u00fd","url":"https:\/\/www.itpce.cz\/pujcit-si-muze-kazdy\/","datePublished":"2021-09-25","dateModified":"2023-05-26","mainEntityOfPage":"https:\/\/www.itpce.cz\/pujcit-si-muze-kazdy\/","author":{"@type":"Person","@id":"https:\/\/www.itpce.cz\/author\/devene\/#Person","name":"devene","url":"https:\/\/www.itpce.cz\/author\/devene\/","identifier":1,"image":{"@type":"ImageObject","@id":"https:\/\/secure.gravatar.com\/avatar\/dcb1aeb5e7d95014cdc92e76cf3c72f6b456579bf773ad0081803a6569ffc19c?s=96&d=mm&r=g","url":"https:\/\/secure.gravatar.com\/avatar\/dcb1aeb5e7d95014cdc92e76cf3c72f6b456579bf773ad0081803a6569ffc19c?s=96&d=mm&r=g","height":96,"width":96}},"publisher":{"@type":"Organization","name":"itpce.cz","logo":{"@type":"ImageObject","@id":"\/logo.png","url":"\/logo.png","width":600,"height":60}},"image":{"@type":"ImageObject","@id":"https:\/\/www.itpce.cz\/wp-content\/uploads\/mince%20euro_1.jpg","url":"https:\/\/www.itpce.cz\/wp-content\/uploads\/mince%20euro_1.jpg","height":0,"width":0},"keywords":null},{"@type":"Article","@id":"https:\/\/www.itpce.cz\/jak-na-pujcky\/","headline":"Jak na p\u016fj\u010dky?","url":"https:\/\/www.itpce.cz\/jak-na-pujcky\/","datePublished":"2021-08-23","dateModified":"2023-05-26","mainEntityOfPage":"https:\/\/www.itpce.cz\/jak-na-pujcky\/","author":{"@type":"Person","@id":"https:\/\/www.itpce.cz\/author\/devene\/#Person","name":"devene","url":"https:\/\/www.itpce.cz\/author\/devene\/","identifier":1,"image":{"@type":"ImageObject","@id":"https:\/\/secure.gravatar.com\/avatar\/dcb1aeb5e7d95014cdc92e76cf3c72f6b456579bf773ad0081803a6569ffc19c?s=96&d=mm&r=g","url":"https:\/\/secure.gravatar.com\/avatar\/dcb1aeb5e7d95014cdc92e76cf3c72f6b456579bf773ad0081803a6569ffc19c?s=96&d=mm&r=g","height":96,"width":96}},"publisher":{"@type":"Organization","name":"itpce.cz","logo":{"@type":"ImageObject","@id":"\/logo.png","url":"\/logo.png","width":600,"height":60}},"image":{"@type":"ImageObject","@id":"https:\/\/www.itpce.cz\/wp-content\/uploads\/p%C4%9Btidolarovky%20USA_2.jpg","url":"https:\/\/www.itpce.cz\/wp-content\/uploads\/p%C4%9Btidolarovky%20USA_2.jpg","height":0,"width":0},"keywords":null},{"@type":"Article","@id":"https:\/\/www.itpce.cz\/nazev-dolar-pochazi-z-cech\/","headline":"N\u00e1zev dolar poch\u00e1z\u00ed z \u010cech","url":"https:\/\/www.itpce.cz\/nazev-dolar-pochazi-z-cech\/","datePublished":"2020-09-02","dateModified":"2023-05-26","mainEntityOfPage":"https:\/\/www.itpce.cz\/nazev-dolar-pochazi-z-cech\/","author":{"@type":"Person","@id":"https:\/\/www.itpce.cz\/author\/devene\/#Person","name":"devene","url":"https:\/\/www.itpce.cz\/author\/devene\/","identifier":1,"image":{"@type":"ImageObject","@id":"https:\/\/secure.gravatar.com\/avatar\/dcb1aeb5e7d95014cdc92e76cf3c72f6b456579bf773ad0081803a6569ffc19c?s=96&d=mm&r=g","url":"https:\/\/secure.gravatar.com\/avatar\/dcb1aeb5e7d95014cdc92e76cf3c72f6b456579bf773ad0081803a6569ffc19c?s=96&d=mm&r=g","height":96,"width":96}},"publisher":{"@type":"Organization","name":"itpce.cz","logo":{"@type":"ImageObject","@id":"\/logo.png","url":"\/logo.png","width":600,"height":60}},"image":{"@type":"ImageObject","@id":"https:\/\/www.itpce.cz\/wp-content\/uploads\/img_a299762_w2098_t1509697321.jpg","url":"https:\/\/www.itpce.cz\/wp-content\/uploads\/img_a299762_w2098_t1509697321.jpg","height":0,"width":0},"keywords":null},{"@type":"Article","@id":"https:\/\/www.itpce.cz\/kdo-brzo-nahradi-nezamestnane\/","headline":"Kdo brzo nahrad\u00ed nezam\u011bstnan\u00e9?","url":"https:\/\/www.itpce.cz\/kdo-brzo-nahradi-nezamestnane\/","datePublished":"2020-09-01","dateModified":"2023-05-26","mainEntityOfPage":"https:\/\/www.itpce.cz\/kdo-brzo-nahradi-nezamestnane\/","author":{"@type":"Person","@id":"https:\/\/www.itpce.cz\/author\/devene\/#Person","name":"devene","url":"https:\/\/www.itpce.cz\/author\/devene\/","identifier":1,"image":{"@type":"ImageObject","@id":"https:\/\/secure.gravatar.com\/avatar\/dcb1aeb5e7d95014cdc92e76cf3c72f6b456579bf773ad0081803a6569ffc19c?s=96&d=mm&r=g","url":"https:\/\/secure.gravatar.com\/avatar\/dcb1aeb5e7d95014cdc92e76cf3c72f6b456579bf773ad0081803a6569ffc19c?s=96&d=mm&r=g","height":96,"width":96}},"publisher":{"@type":"Organization","name":"itpce.cz","logo":{"@type":"ImageObject","@id":"\/logo.png","url":"\/logo.png","width":600,"height":60}},"image":{"@type":"ImageObject","@id":"https:\/\/www.itpce.cz\/wp-content\/uploads\/img_a330790_w2631_t1543270717.jpg","url":"https:\/\/www.itpce.cz\/wp-content\/uploads\/img_a330790_w2631_t1543270717.jpg","height":0,"width":0},"keywords":null}]}