[{"@context":"https:\/\/schema.org\/","@type":"Article","@id":"https:\/\/www.itpce.cz\/neuctujeme-zadne-zbytecne-prace\/#Article","mainEntityOfPage":"https:\/\/www.itpce.cz\/neuctujeme-zadne-zbytecne-prace\/","headline":"Ne\u00fa\u010dtujeme \u017e\u00e1dn\u00e9 zbyte\u010dn\u00e9 pr\u00e1ce","name":"Ne\u00fa\u010dtujeme \u017e\u00e1dn\u00e9 zbyte\u010dn\u00e9 pr\u00e1ce","description":"M\u00e1te po\u0161kozen\u00e9 nebo \u00fapln\u011b rozbit\u00e9 sklo na Va\u0161em automobilu? Obra\u0165te se na odborn\u00edky a nechejte si sklo opravit \u010di vym\u011bnit. Nejlep\u0161\u00ed volbou je pro V\u00e1s i Va\u0161e vozidlo autosklo Praha. Vyu\u017eijte komplexn\u00edch slu\u017eeb spole\u010dnosti, kter\u00e1 je zam\u011b\u0159ena na opravy a v\u00fdm\u011bny autoskel jak osobn\u00edch, tak tak\u00e9 n\u00e1kladn\u00edch aut. V\u00fdm\u011bna je mo\u017en\u00e1 nejen p\u0159edn\u00edho skla, ale [&hellip;]","datePublished":"2025-01-21","dateModified":"2025-01-21","author":{"@type":"Person","@id":"https:\/\/www.itpce.cz\/author\/devene\/#Person","name":"devene","url":"https:\/\/www.itpce.cz\/author\/devene\/","identifier":1,"image":{"@type":"ImageObject","@id":"https:\/\/secure.gravatar.com\/avatar\/dcb1aeb5e7d95014cdc92e76cf3c72f6b456579bf773ad0081803a6569ffc19c?s=96&d=mm&r=g","url":"https:\/\/secure.gravatar.com\/avatar\/dcb1aeb5e7d95014cdc92e76cf3c72f6b456579bf773ad0081803a6569ffc19c?s=96&d=mm&r=g","height":96,"width":96}},"publisher":{"@type":"Organization","name":"itpce.cz","logo":{"@type":"ImageObject","@id":"\/logo.png","url":"\/logo.png","width":600,"height":60}},"url":"https:\/\/www.itpce.cz\/neuctujeme-zadne-zbytecne-prace\/","wordCount":203,"articleBody":"M\u00e1te po\u0161kozen\u00e9 nebo \u00fapln\u011b rozbit\u00e9 sklo na Va\u0161em automobilu? Obra\u0165te se na odborn\u00edky a nechejte si sklo opravit \u010di vym\u011bnit. Nejlep\u0161\u00ed volbou je pro V\u00e1s i Va\u0161e vozidlo autosklo Praha.Vyu\u017eijte komplexn\u00edch slu\u017eeb spole\u010dnosti, kter\u00e1 je zam\u011b\u0159ena na opravy a v\u00fdm\u011bny autoskel jak osobn\u00edch, tak tak\u00e9 n\u00e1kladn\u00edch aut. V\u00fdm\u011bna je mo\u017en\u00e1 nejen p\u0159edn\u00edho skla, ale tak\u00e9 skla zadn\u00edho. Vyu\u017eijte slu\u017eeb, kter\u00e9 autoskla Praha nab\u00edz\u00ed pro ka\u017ed\u00e9ho z\u00e1kazn\u00edka, kter\u00e9mu se stala nehoda se sklem na jeho aut\u011b. Nev\u00e1hejte a nav\u0161tivte n\u00e1s je\u0161t\u011b dnes a my za V\u00e1s vy\u0159e\u0161\u00edme probl\u00e9m s autosklem. Na\u0161e slu\u017eby jsou V\u00e1m k dispozici dvacet \u010dty\u0159i hodin denn\u011b, sedm dn\u00ed v t\u00fddnu.Spolupr\u00e1ce s poji\u0161\u0165ovnamiAutosklo Praha V\u00e1m nejenom vym\u011bn\u00ed sklo na Va\u0161em aut\u011b, ale tak\u00e9 vy\u0159\u00edd\u00ed ve\u0161ker\u00e9 formality t\u00fdkaj\u00edc\u00ed se pojistn\u00fdch ud\u00e1lost\u00ed. Spolupracujeme t\u00e9m\u011b\u0159 se v\u0161emi \u010desk\u00fdmi poji\u0161\u0165ovnami. U\u0161et\u0159\u00edme V\u00e1s nejen \u010das, ale tak\u00e9 starosti.                                                                                                                                                                                                                                                                                                                                                                                        5\/5 - (1 vote)        "},{"@context":"https:\/\/schema.org\/","@type":"BreadcrumbList","itemListElement":[{"@type":"ListItem","position":1,"name":"Ne\u00fa\u010dtujeme \u017e\u00e1dn\u00e9 zbyte\u010dn\u00e9 pr\u00e1ce","item":"https:\/\/www.itpce.cz\/neuctujeme-zadne-zbytecne-prace\/#breadcrumbitem"}]}]