[{"@context":"https:\/\/schema.org\/","@type":"Article","@id":"https:\/\/www.itpce.cz\/nejuspesnejsi-muzi-v-byznysu-ve-21-stoleti\/#Article","mainEntityOfPage":"https:\/\/www.itpce.cz\/nejuspesnejsi-muzi-v-byznysu-ve-21-stoleti\/","headline":"Nej\u00fasp\u011b\u0161n\u011bj\u0161\u00ed mu\u017ei v byznysu ve 21. stolet\u00ed","name":"Nej\u00fasp\u011b\u0161n\u011bj\u0161\u00ed mu\u017ei v byznysu ve 21. stolet\u00ed","description":"V\u011bt\u0161ina zalo\u017een\u00fdch firem z\u016fst\u00e1v\u00e1 v\u00a0mal\u00e9 \u010di st\u0159edn\u00ed velikosti. P\u00e1r firem se vypracuje na ty velk\u00e9 a nadn\u00e1rodn\u00ed firmy, kter\u00e9 maj\u00ed pobo\u010dky v\u0161ude na sv\u011bt\u011b. Jsou v\u0161ak firmy, kter\u00e9 jejich byznysmeni dostali do takov\u00fdch v\u00fd\u0161in, \u017ee jsou zn\u00e1m\u00e9 po cel\u00e9m sv\u011bt\u011b. Kdo to vlastn\u011b byl? Steven Jobs. Kdo by ho neznal. Tento Ameri\u010dan byl zakladatelem, v\u00fdkonn\u00fdm [&hellip;]","datePublished":"2019-10-11","dateModified":"2023-05-26","author":{"@type":"Person","@id":"https:\/\/www.itpce.cz\/author\/devene\/#Person","name":"devene","url":"https:\/\/www.itpce.cz\/author\/devene\/","identifier":1,"image":{"@type":"ImageObject","@id":"https:\/\/secure.gravatar.com\/avatar\/dcb1aeb5e7d95014cdc92e76cf3c72f6b456579bf773ad0081803a6569ffc19c?s=96&d=mm&r=g","url":"https:\/\/secure.gravatar.com\/avatar\/dcb1aeb5e7d95014cdc92e76cf3c72f6b456579bf773ad0081803a6569ffc19c?s=96&d=mm&r=g","height":96,"width":96}},"publisher":{"@type":"Organization","name":"itpce.cz","logo":{"@type":"ImageObject","@id":"\/logo.png","url":"\/logo.png","width":600,"height":60}},"image":{"@type":"ImageObject","@id":"https:\/\/www.itpce.cz\/wp-content\/uploads\/img_a357483_w3770_t1572093445.jpg","url":"https:\/\/www.itpce.cz\/wp-content\/uploads\/img_a357483_w3770_t1572093445.jpg","height":0,"width":0},"url":"https:\/\/www.itpce.cz\/nejuspesnejsi-muzi-v-byznysu-ve-21-stoleti\/","about":["Byznys"],"wordCount":409,"articleBody":"V\u011bt\u0161ina zalo\u017een\u00fdch firem z\u016fst\u00e1v\u00e1 v\u00a0mal\u00e9 \u010di st\u0159edn\u00ed velikosti. P\u00e1r firem se vypracuje na ty velk\u00e9 a nadn\u00e1rodn\u00ed firmy, kter\u00e9 maj\u00ed pobo\u010dky v\u0161ude na sv\u011bt\u011b. Jsou v\u0161ak firmy, kter\u00e9 jejich byznysmeni dostali do takov\u00fdch v\u00fd\u0161in, \u017ee jsou zn\u00e1m\u00e9 po cel\u00e9m sv\u011bt\u011b. Kdo to vlastn\u011b byl?Steven Jobs. Kdo by ho neznal. Tento Ameri\u010dan byl zakladatelem, v\u00fdkonn\u00fdm \u0159editelem a p\u0159edsedou p\u0159edstavenstva firmy Apple. Svoji firmu dostal z\u00a0gar\u00e1\u017ee a\u017e do takov\u00fdch v\u00fd\u0161in, \u017ee ji znaj\u00ed opravdu t\u00e9m\u011b\u0159 v\u0161ude na sv\u011bt\u011b. Samoz\u0159ejm\u011b v\u00a0tom nebyl s\u00e1m ale byl nejv\u00edce viditeln\u00e1 osobnost, kter\u00e1 za \u00fasp\u011bchem firmy jist\u011b st\u00e1la. Jeho \u0159e\u010dnick\u00e9 a vizion\u00e1\u0159sk\u00e9 schopnosti mu dod\u00e1vali ohromnou s\u00edlu.V\u00a0roce 2017 se stal podnikatelem roku kanadsk\u00fd podnikatel Murad Al-Khatib. Jeho \u017eivot se zm\u011bnil pot\u00e9, co ve sklep\u011b rodinn\u00e9ho domu vymyslel podnikatelsk\u00fd pl\u00e1n, kter\u00fd mu zajistil p\u0159edn\u00ed obchodov\u00e1n\u00ed s\u00a0lu\u0161t\u011bninami na cel\u00e9m sv\u011bt\u011b. P\u0159esv\u011bd\u010dil toti\u017e farm\u00e1\u0159e, aby se v\u00edce v\u011bnovali p\u011bstov\u00e1n\u00ed \u010do\u010dky, cizrny a hrachu. S\u00a0t\u011bmito plodinami pot\u00e9 za\u010dal obchodovat. D\u00edky tomu, \u017ee po t\u011bchto plodin\u00e1ch je p\u0159irozen\u00e1 popt\u00e1vka, nebyl probl\u00e9m tyto produkty udat. V\u00a0sou\u010dasn\u00e9 dob\u011b jeho firma vlastn\u00ed \u010dtvrtinu glob\u00e1ln\u00edho pod\u00edlu na trhu s\u00a0lu\u0161t\u011bninami.Kdy\u017e jsme u t\u011bch \u00fasp\u011b\u0161n\u00fdch podnikatel\u016f, nebylo by f\u00e9r, kdybychom nezm\u00ednili aspo\u0148 jednoho \u010desk\u00e9ho. A zm\u00edn\u00edme zde hned dva. Petr Chmela a Ji\u0159\u00ed Vacul\u00edk. Dva kamar\u00e1di, kte\u0159\u00ed za\u010dali v\u00a0roce 1994 vyr\u00e1b\u011bt kuchy\u0148sk\u00e9 pot\u0159eby. Ty vyr\u00e1b\u00ed firma dodnes pod n\u00e1zvem Tescoma. Tescoma je jedna z\u00a0m\u00e1la \u010desk\u00fdch firem, kter\u00e1 je zn\u00e1m\u00e1 opravdu po cel\u00e9m sv\u011bt\u011b, p\u0159edev\u0161\u00edm kv\u016fli propojen\u00ed funk\u010dnosti a designu, na co\u017e se firma zam\u011b\u0159uje. Firma je opravdu na sv\u011btov\u00e9 \u00farovni a to p\u0159edev\u0161\u00edm d\u00edky zakladatel\u016fm, kte\u0159\u00ed ji vybudovali v\u00a0gar\u00e1\u017ei ve Zl\u00edn\u011b. Bohu\u017eel v\u00a0roce 2019 zem\u0159el Ji\u0159\u00ed Vacul\u00edk, co\u017e bylo pro firmu obrovskou r\u00e1nou. I s\u00a0jeho odkazem v\u0161ak pokra\u010duj\u00ed d\u00e1le a roz\u0161i\u0159uj\u00ed sv\u00e9 prodejny a centr\u00e1ly po cel\u00e9 Evrop\u011b.                                                                                                                                                                                                                                                                                                                                                                                        4.1\/5 - (11 votes)        "},{"@context":"https:\/\/schema.org\/","@type":"BreadcrumbList","itemListElement":[{"@type":"ListItem","position":1,"name":"Nej\u00fasp\u011b\u0161n\u011bj\u0161\u00ed mu\u017ei v byznysu ve 21. stolet\u00ed","item":"https:\/\/www.itpce.cz\/nejuspesnejsi-muzi-v-byznysu-ve-21-stoleti\/#breadcrumbitem"}]}]