[{"@context":"https:\/\/schema.org\/","@type":"Article","@id":"https:\/\/www.itpce.cz\/koncim-s-podnikanim\/#Article","mainEntityOfPage":"https:\/\/www.itpce.cz\/koncim-s-podnikanim\/","headline":"Kon\u010d\u00edm s podnik\u00e1n\u00edm","name":"Kon\u010d\u00edm s podnik\u00e1n\u00edm","description":"&#13; Pokud chcete za\u010d\u00edt podnikat a nev\u00edte jak na to, najdete v\u0161ude spoustu rad. Co ale d\u011blat v p\u0159\u00edpad\u011b, \u017ee u\u017e m\u00e1te podnik\u00e1n\u00ed dost a chcete naopak skon\u010dit? Mo\u017en\u00e1 V\u00e1s napadla ot\u00e1zka, pro\u010d by m\u011bl \u010dlov\u011bk kon\u010dit, kdy\u017e se mu v jeho pr\u00e1ci da\u0159\u00ed? I to m\u016f\u017ee b\u00fdt jeden z d\u016fvod\u016f ukon\u010den\u00ed t\u00e9to \u010dinnosti.&#13; \u00b7 [&hellip;]","datePublished":"2020-10-07","dateModified":"2023-05-26","author":{"@type":"Person","@id":"https:\/\/www.itpce.cz\/author\/devene\/#Person","name":"devene","url":"https:\/\/www.itpce.cz\/author\/devene\/","identifier":1,"image":{"@type":"ImageObject","@id":"https:\/\/secure.gravatar.com\/avatar\/dcb1aeb5e7d95014cdc92e76cf3c72f6b456579bf773ad0081803a6569ffc19c?s=96&d=mm&r=g","url":"https:\/\/secure.gravatar.com\/avatar\/dcb1aeb5e7d95014cdc92e76cf3c72f6b456579bf773ad0081803a6569ffc19c?s=96&d=mm&r=g","height":96,"width":96}},"publisher":{"@type":"Organization","name":"itpce.cz","logo":{"@type":"ImageObject","@id":"\/logo.png","url":"\/logo.png","width":600,"height":60}},"url":"https:\/\/www.itpce.cz\/koncim-s-podnikanim\/","about":["Byznys"],"wordCount":399,"articleBody":"&#13; Pokud chcete za\u010d\u00edt podnikat a nev\u00edte jak na to, najdete v\u0161ude spoustu rad. Co ale d\u011blat v p\u0159\u00edpad\u011b, \u017ee u\u017e m\u00e1te podnik\u00e1n\u00ed dost a chcete naopak skon\u010dit? Mo\u017en\u00e1 V\u00e1s napadla ot\u00e1zka, pro\u010d by m\u011bl \u010dlov\u011bk kon\u010dit, kdy\u017e se mu v jeho pr\u00e1ci da\u0159\u00ed? I to m\u016f\u017ee b\u00fdt jeden z d\u016fvod\u016f ukon\u010den\u00ed t\u00e9to \u010dinnosti.&#13; \u00b7 \u017de se mu pr\u00e1v\u011b neda\u0159\u00ed tak, jak si p\u0159edstavoval.&#13; \u00b7 Nebo z\u00edskal tolik finan\u010dn\u00edch prost\u0159edk\u016f, \u017ee u\u017e m\u016f\u017ee n\u011bjak\u00e9 podnik\u00e1n\u00ed zabalit.&#13; \u00b7 Mohl vyhr\u00e1t v rulet\u011b.&#13; \u00b7 D\u011bdit po bohat\u00e9 teti\u010dce z Ameriky.&#13; \u00b7 Dob\u0159e se vd\u00e1t \u010di o\u017eenit.&#13; \u00b7 Anebo chce j\u00edt prost\u011b do d\u016fchodu.&#13; &#13; &#13; Odej\u00edt s \u010dist\u00fdm \u0161t\u00edtem&#13; Jedna z mo\u017enost\u00ed, jak ukon\u010dit svou podnikatelskou \u010dinnost \u2013 nechat to prost\u011b b\u00fdt a zaujmout pozici mrtv\u00e9ho brouka. Tady se nask\u00fdt\u00e1 jedno riziko. Pokud firma neukon\u010dila \u0159\u00e1dn\u011b svou \u010dinnost, trvaj\u00ed nad\u00e1le jej\u00ed povinnosti. Co\u017e znamen\u00e1 \u2013 p\u0159edev\u0161\u00edm da\u0148ov\u00e9 p\u0159izn\u00e1n\u00ed.Jestli\u017ee byla podnikatelem osoba samostatn\u011b v\u00fdd\u011ble\u010dn\u011b \u010dinn\u00e1, budou ji cht\u00edt ka\u017edoro\u010dn\u011b vid\u011bt nejm\u00e9n\u011b t\u0159i \u00fa\u0159ady.&#13; \u00b7 Finan\u010dn\u00ed \u00fa\u0159ad.&#13; \u00b7 Spr\u00e1va soci\u00e1ln\u00edho zabezpe\u010den\u00ed.&#13; \u00b7 P\u0159\u00edslu\u0161n\u00e1 zdravotn\u00ed poji\u0161\u0165ovna.&#13; Jestli\u017ee ukon\u010dil podnikatel svou \u010dinnost a je zat\u00ed\u017een dluhy, bude jeho pozice je\u0161t\u011b o trochu hor\u0161\u00ed. Bude pron\u00e1sledov\u00e1n v\u011b\u0159iteli.&#13; Sta\u010d\u00ed vybrat spr\u00e1vn\u00fd \u00fa\u0159ad&#13; My si p\u0159edstav\u00edme \u010dlov\u011bka poctiv\u00e9ho, kter\u00fd dal v\u0161e do nejlep\u0161\u00edho po\u0159\u00e1dku a chce jen skon\u010dit s firmou. &#13; &#8211; Sta\u010d\u00ed, kdy\u017e nav\u0161t\u00edv\u00ed jak\u00fdkoliv \u017eivnostensk\u00fd \u00fa\u0159ad a tam po\u017e\u00e1d\u00e1 o zru\u0161en\u00ed \u017eivnostensk\u00e9ho opr\u00e1vn\u011bn\u00ed.&#13; &#8211; Prost\u0159ednictv\u00edm \u017eivnostensk\u00e9ho \u00fa\u0159adu se o tom dozv\u011bd\u00ed i ostatn\u00ed \u00fa\u0159ady, kter\u00e9 by to v\u011bd\u011bt m\u011bly.\u017divnostensk\u00e9 opr\u00e1vn\u011bn\u00ed zanik\u00e1 ke dni nabyt\u00ed pr\u00e1vn\u00ed moci rozhodnut\u00ed \u017eivnostensk\u00e9ho \u00fa\u0159adu o zru\u0161en\u00ed \u017eivnostensk\u00e9ho opr\u00e1vn\u011bn\u00ed.Nebo si podnikatel m\u016f\u017ee s\u00e1m ur\u010dit den, kdy chce za sebou zav\u0159\u00edt dve\u0159e. Kdo nevyu\u017eije slu\u017eeb jednotn\u00e9ho registra\u010dn\u00edho m\u00edsta, mus\u00ed si s\u00e1m ob\u011bhat zbyl\u00e9 \u00fa\u0159ady. Nebo mus\u00ed ka\u017ed\u00e9mu zvl\u00e1\u0161\u0165 poslat ozn\u00e1men\u00ed.                                                                                                                                                                                                                                                                                                                                                                                        4\/5 - (9 votes)        "},{"@context":"https:\/\/schema.org\/","@type":"BreadcrumbList","itemListElement":[{"@type":"ListItem","position":1,"name":"Kon\u010d\u00edm s podnik\u00e1n\u00edm","item":"https:\/\/www.itpce.cz\/koncim-s-podnikanim\/#breadcrumbitem"}]}]